{"id":15542,"date":"2018-06-05T19:07:23","date_gmt":"2018-06-05T17:07:23","guid":{"rendered":"https:\/\/susannaarjona.com\/?p=15542"},"modified":"2018-11-07T15:44:23","modified_gmt":"2018-11-07T14:44:23","slug":"woman-talks-girona","status":"publish","type":"post","link":"https:\/\/susannaarjona.com\/ca\/woman-talks-girona\/","title":{"rendered":"Woman Talks Girona"},"content":{"rendered":"<p>El passat dissabte 2 de Juny, va tenir lloc el <a href=\"https:\/\/womantalks.es\/?fbclid=IwAR1chpTUfawXRGcyu0mEBpx114qTJJEAhcsqePBWT9EB1PV2cBsB4WyZcRs\" target=\"_blank\" rel=\"noopener\">WomanTalks<\/a>\u00a0amb un munt de dones emprenedores, valentes i amb molta ganes de canviar el m\u00f3n.<\/p>\n<p>Un bon grup de dones van ser testimonis d&#8217;aquest esdeveniment de trobada on 4 dones Susanna Arjona, X\u00e8nia Ros, Mireia Vidal i Txell Costa va compartir les seves experi\u00e8ncies amb la resta d&#8217;assistents.<\/p>\n<p>Com diu la Susanna, qu\u00e8 passaria si en comptes de competir les dones ens centr\u00e9ssim en compartir?, en acompanyar-nos, en ajudar-nos, en respirar-nos.<\/p>\n<p>Aquell dia la trobada va ser del tot m\u00e1gica.<\/p>\n<p>Cada ponent amb la seva energ\u00eda propia i ben diferent de les altres!<\/p>\n<p>La Susanna ens va proposar i ensenyar el seu \u201ccurr\u00edculum callejero\u201d on hem d\u2019aprendre tamb\u00e9 a mostrar-nos des de la nostra experiencia vital, per molt dura que sigui. Mai saps quan pots inspirar o motiva a una altra persona. Mai saps qui est\u00e0 escoltant i qui en aquell moment et necessita.<\/p>\n<p><iframe loading=\"lazy\" style=\"border: none; overflow: hidden;\" src=\"https:\/\/www.facebook.com\/plugins\/video.php?href=https%3A%2F%2Fwww.facebook.com%2Fwomantalksgirona%2Fvideos%2F576107672788759%2F&amp;show_text=0&amp;width=560\" width=\"560\" height=\"420\" frameborder=\"0\" scrolling=\"no\" allowfullscreen=\"allowfullscreen\"><\/iframe><\/p>\n<p><iframe loading=\"lazy\" style=\"border: none; overflow: hidden;\" src=\"https:\/\/www.facebook.com\/plugins\/video.php?href=https%3A%2F%2Fwww.facebook.com%2Fwomantalksgirona%2Fvideos%2F573109453088581%2F&amp;show_text=0&amp;width=476\" width=\"476\" height=\"476\" frameborder=\"0\" scrolling=\"no\" allowfullscreen=\"allowfullscreen\"><\/iframe><\/p>","protected":false},"excerpt":{"rendered":"<p>El passat dissabte 2 de Juny, va tenir lloc el WomanTalks\u00a0amb un munt de dones emprenedores, valentes i amb molta ganes de canviar el m\u00f3n. Un bon grup de dones van ser testimonis d&#8217;aquest esdeveniment de trobada on 4 dones Susanna Arjona, X\u00e8nia Ros, Mireia Vidal i Txell Costa va compartir les seves experi\u00e8ncies amb [&hellip;]<\/p>\n","protected":false},"author":4,"featured_media":15552,"comment_status":"closed","ping_status":"closed","sticky":false,"template":"","format":"standard","meta":{"_et_pb_use_builder":"","_et_pb_old_content":"","_et_gb_content_width":"","footnotes":""},"categories":[37],"tags":[],"class_list":["post-15542","post","type-post","status-publish","format-standard","has-post-thumbnail","hentry","category-videos"],"_links":{"self":[{"href":"https:\/\/susannaarjona.com\/ca\/wp-json\/wp\/v2\/posts\/15542","targetHints":{"allow":["GET"]}}],"collection":[{"href":"https:\/\/susannaarjona.com\/ca\/wp-json\/wp\/v2\/posts"}],"about":[{"href":"https:\/\/susannaarjona.com\/ca\/wp-json\/wp\/v2\/types\/post"}],"author":[{"embeddable":true,"href":"https:\/\/susannaarjona.com\/ca\/wp-json\/wp\/v2\/users\/4"}],"replies":[{"embeddable":true,"href":"https:\/\/susannaarjona.com\/ca\/wp-json\/wp\/v2\/comments?post=15542"}],"version-history":[{"count":0,"href":"https:\/\/susannaarjona.com\/ca\/wp-json\/wp\/v2\/posts\/15542\/revisions"}],"wp:featuredmedia":[{"embeddable":true,"href":"https:\/\/susannaarjona.com\/ca\/wp-json\/wp\/v2\/media\/15552"}],"wp:attachment":[{"href":"https:\/\/susannaarjona.com\/ca\/wp-json\/wp\/v2\/media?parent=15542"}],"wp:term":[{"taxonomy":"category","embeddable":true,"href":"https:\/\/susannaarjona.com\/ca\/wp-json\/wp\/v2\/categories?post=15542"},{"taxonomy":"post_tag","embeddable":true,"href":"https:\/\/susannaarjona.com\/ca\/wp-json\/wp\/v2\/tags?post=15542"}],"curies":[{"name":"wp","href":"https:\/\/api.w.org\/{rel}","templated":true}]}}