{"id":14986,"date":"2015-11-01T21:24:38","date_gmt":"2015-11-01T20:24:38","guid":{"rendered":"http:\/\/susannaarjona.com\/?p=14986"},"modified":"2016-01-28T17:22:23","modified_gmt":"2016-01-28T16:22:23","slug":"daniel-y-las-palabras-magicas","status":"publish","type":"post","link":"https:\/\/susannaarjona.com\/ca\/daniel-y-las-palabras-magicas\/","title":{"rendered":"Daniel y las Palabras M\u00e1gicas"},"content":{"rendered":"<pre>Concurso:\r\nCuentos premiados cortos para la Adquisici\u00f3n de Valores. 2006-2007\u00a0WAECE-Unesco.<\/pre>\n<p><em>Para fomentar la amabilidad.<\/em><br \/>\nTe presento a Daniel, el gran mago de las palabras.<\/p>\n<p>El abuelo de Daniel es muy aventurero y este a\u00f1o por su cumplea\u00f1os le ha enviado desde un pa\u00eds sin nombre, un regalo muy extra\u00f1o: una caja llena de letras brillantes.<\/p>\n<p>En una carta, su abuelo le dice que esas letras forman palabras amables que si las regalas a los dem\u00e1s, pueden conseguir que las personas hagan muchas cosas: hacer re\u00edr al que est\u00e1 triste, llorar de alegr\u00eda, entender cuando no entendemos, abrir el coraz\u00f3n a los dem\u00e1s, ense\u00f1arnos a escuchar sin hablar&#8230;<\/p>\n<p>Daniel muy contento juega en su habitaci\u00f3n, monta y desmonta palabras sin cesar.<\/p>\n<p>Hay veces que las letras se unen solas para formar palabras fant\u00e1sticas, imaginarias, que no existen y es que Daniel es m\u00e1gico, es un mago de las palabras.<\/p>\n<p>Lleva unos d\u00edas preparando un regalo muy especial para aquellos que m\u00e1s quiere. Es muy divertido ver la cara de mam\u00e1 cuando descubre por la ma\u00f1ana un: buenos d\u00edas preciosa debajo de la almohada o cuando pap\u00e1 encuentra en su coche un te quiero de color azul.<\/p>\n<p>Sus palabras son palabras amables y bonitas, cortas, largas, que suenan bien y hacen sentir bien: gracias, te quiero, buenos d\u00edas, por favor, lo siento, me gustas.<\/p>\n<p>Daniel sabe que las palabras son poderosas y a \u00e9l le gusta jugar con ellas y ver la cara de felicidad de la gente cuando las oye. Sabe bien que las palabras amables son m\u00e1gicas, son como llaves que te abren la puerta de los dem\u00e1s. Porque si tu eres amable, todo es amable contigo.<\/p>\n<p>Y Daniel te pregunta: \u00bfquieres intentarlo t\u00fa y ser un mago de las palabras amables?.<\/p>","protected":false},"excerpt":{"rendered":"<p>Concurso: Cuentos premiados cortos para la Adquisici\u00f3n de Valores. 2006-2007\u00a0WAECE-Unesco. Para fomentar la amabilidad. Te presento a Daniel, el gran mago de las palabras. El abuelo de Daniel es muy aventurero y este a\u00f1o por su cumplea\u00f1os le ha enviado desde un pa\u00eds sin nombre, un regalo muy extra\u00f1o: una caja llena de letras brillantes. [&hellip;]<\/p>\n","protected":false},"author":4,"featured_media":15082,"comment_status":"closed","ping_status":"closed","sticky":false,"template":"","format":"standard","meta":{"_et_pb_use_builder":"","_et_pb_old_content":"","_et_gb_content_width":"","footnotes":""},"categories":[32],"tags":[],"class_list":["post-14986","post","type-post","status-publish","format-standard","has-post-thumbnail","hentry","category-cuentos-infantiles"],"_links":{"self":[{"href":"https:\/\/susannaarjona.com\/ca\/wp-json\/wp\/v2\/posts\/14986","targetHints":{"allow":["GET"]}}],"collection":[{"href":"https:\/\/susannaarjona.com\/ca\/wp-json\/wp\/v2\/posts"}],"about":[{"href":"https:\/\/susannaarjona.com\/ca\/wp-json\/wp\/v2\/types\/post"}],"author":[{"embeddable":true,"href":"https:\/\/susannaarjona.com\/ca\/wp-json\/wp\/v2\/users\/4"}],"replies":[{"embeddable":true,"href":"https:\/\/susannaarjona.com\/ca\/wp-json\/wp\/v2\/comments?post=14986"}],"version-history":[{"count":0,"href":"https:\/\/susannaarjona.com\/ca\/wp-json\/wp\/v2\/posts\/14986\/revisions"}],"wp:featuredmedia":[{"embeddable":true,"href":"https:\/\/susannaarjona.com\/ca\/wp-json\/wp\/v2\/media\/15082"}],"wp:attachment":[{"href":"https:\/\/susannaarjona.com\/ca\/wp-json\/wp\/v2\/media?parent=14986"}],"wp:term":[{"taxonomy":"category","embeddable":true,"href":"https:\/\/susannaarjona.com\/ca\/wp-json\/wp\/v2\/categories?post=14986"},{"taxonomy":"post_tag","embeddable":true,"href":"https:\/\/susannaarjona.com\/ca\/wp-json\/wp\/v2\/tags?post=14986"}],"curies":[{"name":"wp","href":"https:\/\/api.w.org\/{rel}","templated":true}]}}